{"id":1358,"date":"2026-03-18T16:11:04","date_gmt":"2026-03-18T16:11:04","guid":{"rendered":"https:\/\/junkersbuero.com\/?p=1358"},"modified":"2026-03-18T16:16:45","modified_gmt":"2026-03-18T16:16:45","slug":"friseur-saloon-west-owa-a-i-r-2026-flinta-ed","status":"publish","type":"post","link":"https:\/\/junkersbuero.com\/?p=1358","title":{"rendered":"FRISEUR SALO(O)N @ WEST \/ OWA &#8211; A i R 2026 (FLINTA ED)"},"content":{"rendered":"<h3><strong>Friseur Salo(O)n @WEST\/OWA<br \/>\nAiR Programm <\/strong><strong>(FLINTA Edition M\u00e4rz &#8211; Mai 26)<\/strong><strong>\u00a0 <\/strong><\/h3>\n<p><strong style=\"font-weight: 400;\">Idee<\/strong> Der Friseur Sal(o)on \u2013 Artist in Residence 2026 (FLINTA Edition) nutzt den original erhaltenen Friseursalon im Otto-Wagner-Areal von M\u00e4rz bis Mai 2026 als offenen Arbeits- und Begegnungsraum f\u00fcr FLINTA-K\u00fcnstlerinnen \u2013 als ein <strong style=\"font-weight: 400;\">Artist-in-Residence <\/strong>-Programm.<\/p>\n<p>Monatlich wechselnde FLINTA Artists erhalten Beratung, PR-Unterst\u00fctzung durch Junkers Buero und das WEST Space, sowie ein Arbeitsbudget durch die F\u00f6rderung der Stadt Wien.<\/p>\n<p style=\"font-weight: 400;\">Der Salo(o)n ist Samstags, Sonntags und an den Feiertagen nachmittags ge\u00f6ffnet und f\u00f6rdert Community Building, Austausch, Vernetzung und Sichtbarkeit, erg\u00e4nzt durch vermittelnde Eventformate.<\/p>\n<p style=\"font-weight: 400;\"><strong>Adresse: \u00a0<\/strong>Friseur Salo(o)n, Baumgartner H\u00f6he 1, 1140 Wien \/ Direktionsgeb\u00e4ude @WEST \/Otto-Wagner-Areal(Bus 47A, 48A)<\/p>\n<p><strong>\u00d6ffnungszeiten<\/strong> \u2013 You are welcome !Open Studio immer<br \/>\n<strong>SA &amp; SO , an Feiertagen ca 14\u201320 h <\/strong>oder nach Absprache \/ Zufall.<\/p>\n<p style=\"font-weight: 400;\"><strong>******************<\/strong><\/p>\n<p><strong>PROGRAMM<\/strong>: <strong style=\"font-weight: 400;\">ARTIST in RESIDENCE \/ Openings 2026 <\/strong>(FLINTA* Edition)<\/p>\n<p style=\"font-weight: 400;\"><strong> <a href=\"https:\/\/junkersbuero.com\/wp-content\/uploads\/2026\/03\/MAUDE_-ana-VOLLWESEN.jpg\"><img loading=\"lazy\" decoding=\"async\" class=\"size-medium wp-image-1364 alignright\" src=\"https:\/\/junkersbuero.com\/wp-content\/uploads\/2026\/03\/MAUDE_-ana-VOLLWESEN-243x300.jpg\" alt=\"Katzen bild in Blau mit orange\" width=\"243\" height=\"300\" srcset=\"https:\/\/junkersbuero.com\/wp-content\/uploads\/2026\/03\/MAUDE_-ana-VOLLWESEN-243x300.jpg 243w, https:\/\/junkersbuero.com\/wp-content\/uploads\/2026\/03\/MAUDE_-ana-VOLLWESEN-829x1024.jpg 829w, https:\/\/junkersbuero.com\/wp-content\/uploads\/2026\/03\/MAUDE_-ana-VOLLWESEN-768x949.jpg 768w, https:\/\/junkersbuero.com\/wp-content\/uploads\/2026\/03\/MAUDE_-ana-VOLLWESEN-282x348.jpg 282w, https:\/\/junkersbuero.com\/wp-content\/uploads\/2026\/03\/MAUDE_-ana-VOLLWESEN-688x850.jpg 688w, https:\/\/junkersbuero.com\/wp-content\/uploads\/2026\/03\/MAUDE_-ana-VOLLWESEN.jpg 869w\" sizes=\"(max-width: 243px) 100vw, 243px\" \/><\/a><br \/>\nANA VOLLWESEN Ma\u0308rz 2026 <\/strong><\/p>\n<p><strong>Do, 10. Ma\u0308rz 26, 17 h Opening <\/strong>mit <strong>AJ the DJ<br \/>\n<\/strong><strong>Sa, 21.3.\u201eUnter der Haube\u201c Artist Talk, 17 h<\/strong><\/p>\n<p>Ana Vollwesen ist eine multidisziplina\u0308re Ku\u0308nstlerin aus Wien, die dort ansetzt, wo Regeln bro\u0308ckeln und Gewohnheiten ins Wanken geraten. Ihre Arbeiten sind Expeditionen an die Ra\u0308nder des gesellschaftlich Erlaubten, kleine Laboratorien, in denen Macht, Normen und soziale Gerechtigkeit seziert, neu zusammengesetzt und manchmal liebevoll sabotiert werden.<br \/>\nhttps:\/\/www.instagram.com\/vollwesen\/ \u00a0\u00a0<a href=\"https:\/\/anavollwesen.com\/\">https:\/\/anavollwesen.com<\/a><\/p>\n<p>&nbsp;<\/p>\n<p>&nbsp;<\/p>\n<p>&nbsp;<\/p>\n<p><strong><a href=\"https:\/\/junkersbuero.com\/wp-content\/uploads\/2026\/03\/IMG_3073-scaled.jpeg\"><img loading=\"lazy\" decoding=\"async\" class=\"size-medium wp-image-1365 alignleft\" src=\"https:\/\/junkersbuero.com\/wp-content\/uploads\/2026\/03\/IMG_3073-225x300.jpeg\" alt=\"\" width=\"225\" height=\"300\" srcset=\"https:\/\/junkersbuero.com\/wp-content\/uploads\/2026\/03\/IMG_3073-225x300.jpeg 225w, https:\/\/junkersbuero.com\/wp-content\/uploads\/2026\/03\/IMG_3073-768x1024.jpeg 768w, https:\/\/junkersbuero.com\/wp-content\/uploads\/2026\/03\/IMG_3073-1152x1536.jpeg 1152w, https:\/\/junkersbuero.com\/wp-content\/uploads\/2026\/03\/IMG_3073-1536x2048.jpeg 1536w, https:\/\/junkersbuero.com\/wp-content\/uploads\/2026\/03\/IMG_3073-261x348.jpeg 261w, https:\/\/junkersbuero.com\/wp-content\/uploads\/2026\/03\/IMG_3073-688x917.jpeg 688w, https:\/\/junkersbuero.com\/wp-content\/uploads\/2026\/03\/IMG_3073-scaled.jpeg 1920w\" sizes=\"(max-width: 225px) 100vw, 225px\" \/><\/a><\/strong><\/p>\n<p>&nbsp;<\/p>\n<p><strong>LUCIA BERLANGA April 2026\u00a0<\/strong><\/p>\n<p style=\"font-weight: 400;\"><strong>Mi 08. April, 17 h Opening <\/strong>mit <strong>AJ the DJ<\/strong><br \/>\n<strong>Sa 25.4. <\/strong><em>\u00a0<\/em>, 17 h <strong>\u201eUnter der Haube\u201c<\/strong> Artist Talk<\/p>\n<p style=\"font-weight: 400;\">In ihrem Arbeiten setzt sich die Ku\u0308nstlerin <strong>Lucia Berlanga<\/strong> mit dem systematischen Missbrauch von Frauen durch patriarchalische Strukturen auseinander. Dabei untersucht sie Themen wie die Illusion von Sicherheit, die wahrgenommene Hilflosigkeit angesichts von Sexismus und die Grenzen der Auseinandersetzung mit Frauenfeindlichkeit innerhalb des allumfassenden Systems der westlichen Gesellschaft.<\/p>\n<p><a href=\"https:\/\/www.instagram.com\/___empyre___\/\">https:\/\/www.instagram.com\/___empyre___\/<\/a><\/p>\n<p><u>\u00a0<\/u><\/p>\n<p>&nbsp;<\/p>\n<p style=\"font-weight: 400;\"><strong><a href=\"https:\/\/junkersbuero.com\/wp-content\/uploads\/2026\/03\/Weiss_4_Parallel-scaled.jpg\"><img loading=\"lazy\" decoding=\"async\" class=\"wp-image-1366 alignright\" src=\"https:\/\/junkersbuero.com\/wp-content\/uploads\/2026\/03\/Weiss_4_Parallel-300x200.jpg\" alt=\"\" width=\"292\" height=\"194\" \/><\/a>LAURA WEISS Mai 2026 <\/strong><br \/>\n<strong>Do, 07. Mai 26, 17 h Opening <\/strong>mit AJ the DJ<br \/>\n<strong>Sa , 16.<\/strong><strong>Mai<\/strong>\u00a0 <strong>\u201eUnter der Haube\u201c Artist Talk, 17 h<\/strong><\/p>\n<p style=\"font-weight: 400;\">Laura Weiss absolvierte das Studium Malerei und Grafik in der Klasse Anne Speier an der Kunstuni Linz und studiert weiters Kunst- und Kulturwissenschaften.<br \/>\nSie widmet sich der Malerei, Installation und dem Text.<\/p>\n<p>Inhaltlich arbeitet sie zumeist autobiografisch, wobei Humor und Selbstironie eine wichtige Rolle spielen. Thematisch bewegt sich Weiss in einer queer-feministischen Bubble, von der aus sie ihre perso\u0308nlichen Erfahrungen als FLINTA*<br \/>\n<span style=\"font-weight: 400;\">Person teilt.<\/span><\/p>\n<p><span style=\"font-weight: 400;\">\u00a0https:\/\/www.lauraweiss-schwarz.com<\/span>; Insta https:\/\/www.instagram.com\/lauwoam<\/p>\n<p>********<\/p>\n<p><strong>Idee &amp; Kuration:<\/strong> <span style=\"font-weight: 400;\">Andrea M. Junker\u00a0 | <\/span><span style=\"font-weight: 400;\">JUNKERS BUERO Kultur- &amp; Eventmanagement<br \/>\n<\/span><\/p>\n<p><span style=\"font-weight: 400;\"><strong>Gefo\u0308rdert <\/strong>von der Stadt Wien, Kunst (MA7)\u00a0<\/span><\/p>\n<p><a href=\"https:\/\/junkersbuero.com\/wp-content\/uploads\/2026\/03\/Stadt_Wien_Kultur_pos_rgb.png\"><img loading=\"lazy\" decoding=\"async\" class=\"wp-image-1367 aligncenter\" src=\"https:\/\/junkersbuero.com\/wp-content\/uploads\/2026\/03\/Stadt_Wien_Kultur_pos_rgb-300x86.png\" alt=\"\" width=\"147\" height=\"42\" srcset=\"https:\/\/junkersbuero.com\/wp-content\/uploads\/2026\/03\/Stadt_Wien_Kultur_pos_rgb-300x86.png 300w, https:\/\/junkersbuero.com\/wp-content\/uploads\/2026\/03\/Stadt_Wien_Kultur_pos_rgb-1024x294.png 1024w, https:\/\/junkersbuero.com\/wp-content\/uploads\/2026\/03\/Stadt_Wien_Kultur_pos_rgb-768x220.png 768w, https:\/\/junkersbuero.com\/wp-content\/uploads\/2026\/03\/Stadt_Wien_Kultur_pos_rgb-1536x441.png 1536w, https:\/\/junkersbuero.com\/wp-content\/uploads\/2026\/03\/Stadt_Wien_Kultur_pos_rgb-460x132.png 460w, https:\/\/junkersbuero.com\/wp-content\/uploads\/2026\/03\/Stadt_Wien_Kultur_pos_rgb-688x197.png 688w, https:\/\/junkersbuero.com\/wp-content\/uploads\/2026\/03\/Stadt_Wien_Kultur_pos_rgb.png 1722w\" sizes=\"(max-width: 147px) 100vw, 147px\" \/><\/a><\/p>\n<p>&nbsp;<\/p>\n","protected":false},"excerpt":{"rendered":"<p>Friseur Salo(O)n @WEST\/OWA AiR Programm (FLINTA Edition M\u00e4rz &#8211; Mai 26)\u00a0 Idee Der Friseur Sal(o)on \u2013 Artist in Residence 2026 (FLINTA Edition) nutzt den original erhaltenen Friseursalon im Otto-Wagner-Areal von M\u00e4rz bis Mai 2026 als offenen Arbeits- und Begegnungsraum f\u00fcr FLINTA-K\u00fcnstlerinnen \u2013 als ein Artist-in-Residence -Programm. Monatlich wechselnde FLINTA Artists erhalten Beratung, PR-Unterst\u00fctzung durch Junkers &#8230;<\/p>\n","protected":false},"author":1,"featured_media":1359,"comment_status":"closed","ping_status":"closed","sticky":false,"template":"","format":"image","meta":{"footnotes":""},"categories":[1],"tags":[116,147,149,46,144,146,134,148,114],"_links":{"self":[{"href":"https:\/\/junkersbuero.com\/index.php?rest_route=\/wp\/v2\/posts\/1358"}],"collection":[{"href":"https:\/\/junkersbuero.com\/index.php?rest_route=\/wp\/v2\/posts"}],"about":[{"href":"https:\/\/junkersbuero.com\/index.php?rest_route=\/wp\/v2\/types\/post"}],"author":[{"embeddable":true,"href":"https:\/\/junkersbuero.com\/index.php?rest_route=\/wp\/v2\/users\/1"}],"replies":[{"embeddable":true,"href":"https:\/\/junkersbuero.com\/index.php?rest_route=%2Fwp%2Fv2%2Fcomments&post=1358"}],"version-history":[{"count":8,"href":"https:\/\/junkersbuero.com\/index.php?rest_route=\/wp\/v2\/posts\/1358\/revisions"}],"predecessor-version":[{"id":1373,"href":"https:\/\/junkersbuero.com\/index.php?rest_route=\/wp\/v2\/posts\/1358\/revisions\/1373"}],"wp:featuredmedia":[{"embeddable":true,"href":"https:\/\/junkersbuero.com\/index.php?rest_route=\/wp\/v2\/media\/1359"}],"wp:attachment":[{"href":"https:\/\/junkersbuero.com\/index.php?rest_route=%2Fwp%2Fv2%2Fmedia&parent=1358"}],"wp:term":[{"taxonomy":"category","embeddable":true,"href":"https:\/\/junkersbuero.com\/index.php?rest_route=%2Fwp%2Fv2%2Fcategories&post=1358"},{"taxonomy":"post_tag","embeddable":true,"href":"https:\/\/junkersbuero.com\/index.php?rest_route=%2Fwp%2Fv2%2Ftags&post=1358"}],"curies":[{"name":"wp","href":"https:\/\/api.w.org\/{rel}","templated":true}]}}